{"id":980,"date":"2023-12-01T22:40:38","date_gmt":"2023-12-01T21:40:38","guid":{"rendered":"https:\/\/vfl-schlangen.de\/turnen\/?p=980"},"modified":"2023-12-01T22:41:37","modified_gmt":"2023-12-01T21:41:37","slug":"jahreshauptversammlung-am-26-11-23","status":"publish","type":"post","link":"https:\/\/vfl-schlangen.de\/turnen\/2023\/12\/01\/jahreshauptversammlung-am-26-11-23\/","title":{"rendered":"Jahreshauptversammlung am 26.11. 23"},"content":{"rendered":"\n<p>In angenehmer Atmosph\u00e4re fand die Jahreshauptversammlung der Turnabteilung des VfL Schlangens im Gasthof zur Rose statt. Ungef\u00e4hr 35 Personen konnte unsere Abteilungsleiterin Diana Solle begr\u00fc\u00dfen. Neben dem Totengedenken an die, verstorbenen ehemaligen Sportler, berichtete jeder \u00dcbungsleiter von den Ereignissen im Jahr 2023.<\/p>\n\n\n\n<p>Die meisten Positionen im Vereinsgeschehen blieben gleich. Allerdings verl\u00e4sst Jens Mehler nach 24 Jahren im Amt als Oberturnwart den Posten \u2013 aber wie er so sch\u00f6n sagte: \u201e &#8230; das Amt verlasse ich, aber nicht den Verein.\u201c So bleibt er uns weiterhin \u201ehelfend\u201c treu. An seiner Stelle wurde Caro Zwikirsch einstimmig gew\u00e4hlt. Sie hatte ihn auch schon seit einiger Zeit unterst\u00fctzt und kennt die, auf sie zukommenden, Aufgaben.<\/p>\n\n\n\n<p>Highlight wird das Schauturnen am 24. Februar 2024 sein, wenn der Verein sein 125-j\u00e4hriges Bestehen feiert. Es wird in den meisten Gruppen schon flei\u00dfig ge\u00fcbt. Dazu flossen einige Ideen zusammen, denn schon am kommenden Weihnachtsmarkt im Dorf wird es einiges an Informationsmaterial geben.<\/p>\n\n\n\n<p>Abschlie\u00dfend dankte Diana Solle allen \u00dcbungsleitern und Gruppenhelfern, die jede Woche engagiert in ihren Gruppen tolle Arbeit leisten!<\/p>\n\n\n\n<figure class=\"wp-block-gallery has-nested-images columns-default is-cropped wp-block-gallery-1 is-layout-flex wp-block-gallery-is-layout-flex\">\n<figure class=\"wp-block-image size-large\"><img fetchpriority=\"high\" decoding=\"async\" width=\"640\" height=\"427\" data-id=\"991\" src=\"https:\/\/vfl-schlangen.de\/turnen\/wp-content\/uploads\/sites\/4\/2023\/12\/1-DSC_0037.jpeg\" alt=\"\" class=\"wp-image-991\" srcset=\"https:\/\/vfl-schlangen.de\/turnen\/wp-content\/uploads\/sites\/4\/2023\/12\/1-DSC_0037.jpeg 640w, https:\/\/vfl-schlangen.de\/turnen\/wp-content\/uploads\/sites\/4\/2023\/12\/1-DSC_0037-300x200.jpeg 300w\" sizes=\"(max-width: 640px) 100vw, 640px\" \/><\/figure>\n\n\n\n<figure class=\"wp-block-image size-large\"><img decoding=\"async\" width=\"640\" height=\"427\" data-id=\"995\" src=\"https:\/\/vfl-schlangen.de\/turnen\/wp-content\/uploads\/sites\/4\/2023\/12\/2-DSC_0043-1.jpeg\" alt=\"\" class=\"wp-image-995\" srcset=\"https:\/\/vfl-schlangen.de\/turnen\/wp-content\/uploads\/sites\/4\/2023\/12\/2-DSC_0043-1.jpeg 640w, https:\/\/vfl-schlangen.de\/turnen\/wp-content\/uploads\/sites\/4\/2023\/12\/2-DSC_0043-1-300x200.jpeg 300w\" sizes=\"(max-width: 640px) 100vw, 640px\" \/><\/figure>\n\n\n\n<figure class=\"wp-block-image size-large\"><img decoding=\"async\" width=\"640\" height=\"427\" data-id=\"989\" src=\"https:\/\/vfl-schlangen.de\/turnen\/wp-content\/uploads\/sites\/4\/2023\/12\/3-DSC_0038-1.jpeg\" alt=\"\" class=\"wp-image-989\" srcset=\"https:\/\/vfl-schlangen.de\/turnen\/wp-content\/uploads\/sites\/4\/2023\/12\/3-DSC_0038-1.jpeg 640w, https:\/\/vfl-schlangen.de\/turnen\/wp-content\/uploads\/sites\/4\/2023\/12\/3-DSC_0038-1-300x200.jpeg 300w\" sizes=\"(max-width: 640px) 100vw, 640px\" \/><\/figure>\n\n\n\n<figure class=\"wp-block-image size-large\"><img loading=\"lazy\" decoding=\"async\" width=\"640\" height=\"427\" data-id=\"994\" src=\"https:\/\/vfl-schlangen.de\/turnen\/wp-content\/uploads\/sites\/4\/2023\/12\/4-DSC_0039-1.jpeg\" alt=\"\" class=\"wp-image-994\" srcset=\"https:\/\/vfl-schlangen.de\/turnen\/wp-content\/uploads\/sites\/4\/2023\/12\/4-DSC_0039-1.jpeg 640w, https:\/\/vfl-schlangen.de\/turnen\/wp-content\/uploads\/sites\/4\/2023\/12\/4-DSC_0039-1-300x200.jpeg 300w\" sizes=\"(max-width: 640px) 100vw, 640px\" \/><\/figure>\n\n\n\n<figure class=\"wp-block-image size-large\"><img loading=\"lazy\" decoding=\"async\" width=\"640\" height=\"415\" data-id=\"996\" src=\"https:\/\/vfl-schlangen.de\/turnen\/wp-content\/uploads\/sites\/4\/2023\/12\/5-DSC_0041-1.jpeg\" alt=\"\" class=\"wp-image-996\" srcset=\"https:\/\/vfl-schlangen.de\/turnen\/wp-content\/uploads\/sites\/4\/2023\/12\/5-DSC_0041-1.jpeg 640w, https:\/\/vfl-schlangen.de\/turnen\/wp-content\/uploads\/sites\/4\/2023\/12\/5-DSC_0041-1-300x195.jpeg 300w\" sizes=\"(max-width: 640px) 100vw, 640px\" \/><\/figure>\n\n\n\n<figure class=\"wp-block-image size-large\"><img loading=\"lazy\" decoding=\"async\" width=\"640\" height=\"427\" data-id=\"997\" src=\"https:\/\/vfl-schlangen.de\/turnen\/wp-content\/uploads\/sites\/4\/2023\/12\/6-DSC_0048-1.jpeg\" alt=\"\" class=\"wp-image-997\" srcset=\"https:\/\/vfl-schlangen.de\/turnen\/wp-content\/uploads\/sites\/4\/2023\/12\/6-DSC_0048-1.jpeg 640w, https:\/\/vfl-schlangen.de\/turnen\/wp-content\/uploads\/sites\/4\/2023\/12\/6-DSC_0048-1-300x200.jpeg 300w\" sizes=\"(max-width: 640px) 100vw, 640px\" \/><\/figure>\n\n\n\n<figure class=\"wp-block-image size-large\"><img loading=\"lazy\" decoding=\"async\" width=\"640\" height=\"427\" data-id=\"990\" src=\"https:\/\/vfl-schlangen.de\/turnen\/wp-content\/uploads\/sites\/4\/2023\/12\/7-DSC_0049-1.jpeg\" alt=\"\" class=\"wp-image-990\" srcset=\"https:\/\/vfl-schlangen.de\/turnen\/wp-content\/uploads\/sites\/4\/2023\/12\/7-DSC_0049-1.jpeg 640w, https:\/\/vfl-schlangen.de\/turnen\/wp-content\/uploads\/sites\/4\/2023\/12\/7-DSC_0049-1-300x200.jpeg 300w\" sizes=\"(max-width: 640px) 100vw, 640px\" \/><\/figure>\n\n\n\n<figure class=\"wp-block-image size-large\"><img loading=\"lazy\" decoding=\"async\" width=\"640\" height=\"427\" data-id=\"992\" src=\"https:\/\/vfl-schlangen.de\/turnen\/wp-content\/uploads\/sites\/4\/2023\/12\/8-DSC_0055.jpeg\" alt=\"\" class=\"wp-image-992\" srcset=\"https:\/\/vfl-schlangen.de\/turnen\/wp-content\/uploads\/sites\/4\/2023\/12\/8-DSC_0055.jpeg 640w, https:\/\/vfl-schlangen.de\/turnen\/wp-content\/uploads\/sites\/4\/2023\/12\/8-DSC_0055-300x200.jpeg 300w\" sizes=\"(max-width: 640px) 100vw, 640px\" \/><\/figure>\n\n\n\n<figure class=\"wp-block-image size-large\"><img loading=\"lazy\" decoding=\"async\" width=\"640\" height=\"427\" data-id=\"993\" src=\"https:\/\/vfl-schlangen.de\/turnen\/wp-content\/uploads\/sites\/4\/2023\/12\/9-DSC_0062.jpeg\" alt=\"\" class=\"wp-image-993\" srcset=\"https:\/\/vfl-schlangen.de\/turnen\/wp-content\/uploads\/sites\/4\/2023\/12\/9-DSC_0062.jpeg 640w, https:\/\/vfl-schlangen.de\/turnen\/wp-content\/uploads\/sites\/4\/2023\/12\/9-DSC_0062-300x200.jpeg 300w\" sizes=\"(max-width: 640px) 100vw, 640px\" \/><\/figure>\n<\/figure>\n","protected":false},"excerpt":{"rendered":"<p>In angenehmer Atmosph\u00e4re fand die Jahreshauptversammlung der Turnabteilung des VfL Schlangens im Gasthof zur Rose statt. Ungef\u00e4hr 35 Personen konnte unsere Abteilungsleiterin Diana Solle begr\u00fc\u00dfen. Neben dem Totengedenken an die, verstorbenen ehemaligen Sportler, berichtete jeder \u00dcbungsleiter von den Ereignissen im Jahr 2023. Die meisten Positionen im Vereinsgeschehen blieben gleich. Allerdings verl\u00e4sst Jens Mehler nach 24 [&hellip;]<\/p>\n","protected":false},"author":18,"featured_media":999,"comment_status":"closed","ping_status":"open","sticky":false,"template":"","format":"standard","meta":{"tpgb_global_settings":"","ocean_post_layout":"","ocean_both_sidebars_style":"","ocean_both_sidebars_content_width":0,"ocean_both_sidebars_sidebars_width":0,"ocean_sidebar":"","ocean_second_sidebar":"","ocean_disable_margins":"enable","ocean_add_body_class":"","ocean_shortcode_before_top_bar":"","ocean_shortcode_after_top_bar":"","ocean_shortcode_before_header":"","ocean_shortcode_after_header":"","ocean_has_shortcode":"","ocean_shortcode_after_title":"","ocean_shortcode_before_footer_widgets":"","ocean_shortcode_after_footer_widgets":"","ocean_shortcode_before_footer_bottom":"","ocean_shortcode_after_footer_bottom":"","ocean_display_top_bar":"default","ocean_display_header":"default","ocean_header_style":"","ocean_center_header_left_menu":"","ocean_custom_header_template":"","ocean_custom_logo":0,"ocean_custom_retina_logo":0,"ocean_custom_logo_max_width":0,"ocean_custom_logo_tablet_max_width":0,"ocean_custom_logo_mobile_max_width":0,"ocean_custom_logo_max_height":0,"ocean_custom_logo_tablet_max_height":0,"ocean_custom_logo_mobile_max_height":0,"ocean_header_custom_menu":"","ocean_menu_typo_font_family":"","ocean_menu_typo_font_subset":"","ocean_menu_typo_font_size":0,"ocean_menu_typo_font_size_tablet":0,"ocean_menu_typo_font_size_mobile":0,"ocean_menu_typo_font_size_unit":"px","ocean_menu_typo_font_weight":"","ocean_menu_typo_font_weight_tablet":"","ocean_menu_typo_font_weight_mobile":"","ocean_menu_typo_transform":"","ocean_menu_typo_transform_tablet":"","ocean_menu_typo_transform_mobile":"","ocean_menu_typo_line_height":0,"ocean_menu_typo_line_height_tablet":0,"ocean_menu_typo_line_height_mobile":0,"ocean_menu_typo_line_height_unit":"","ocean_menu_typo_spacing":0,"ocean_menu_typo_spacing_tablet":0,"ocean_menu_typo_spacing_mobile":0,"ocean_menu_typo_spacing_unit":"","ocean_menu_link_color":"","ocean_menu_link_color_hover":"","ocean_menu_link_color_active":"","ocean_menu_link_background":"","ocean_menu_link_hover_background":"","ocean_menu_link_active_background":"","ocean_menu_social_links_bg":"","ocean_menu_social_hover_links_bg":"","ocean_menu_social_links_color":"","ocean_menu_social_hover_links_color":"","ocean_disable_title":"default","ocean_disable_heading":"default","ocean_post_title":"","ocean_post_subheading":"","ocean_post_title_style":"","ocean_post_title_background_color":"","ocean_post_title_background":0,"ocean_post_title_bg_image_position":"","ocean_post_title_bg_image_attachment":"","ocean_post_title_bg_image_repeat":"","ocean_post_title_bg_image_size":"","ocean_post_title_height":0,"ocean_post_title_bg_overlay":0.5,"ocean_post_title_bg_overlay_color":"","ocean_disable_breadcrumbs":"default","ocean_breadcrumbs_color":"","ocean_breadcrumbs_separator_color":"","ocean_breadcrumbs_links_color":"","ocean_breadcrumbs_links_hover_color":"","ocean_display_footer_widgets":"default","ocean_display_footer_bottom":"default","ocean_custom_footer_template":"","osh_disable_topbar_sticky":"default","osh_disable_header_sticky":"default","osh_sticky_header_style":"default","osh_sticky_header_effect":"","osh_custom_sticky_logo":0,"osh_custom_retina_sticky_logo":0,"osh_custom_sticky_logo_height":0,"osh_background_color":"","osh_links_color":"","osh_links_hover_color":"","osh_links_active_color":"","osh_links_bg_color":"","osh_links_hover_bg_color":"","osh_links_active_bg_color":"","osh_menu_social_links_color":"","osh_menu_social_hover_links_color":"","ocean_post_oembed":"","ocean_post_self_hosted_media":"","ocean_post_video_embed":"","ocean_link_format":"","ocean_link_format_target":"self","ocean_quote_format":"","ocean_quote_format_link":"post","ocean_gallery_link_images":"on","ocean_gallery_id":[],"footnotes":""},"categories":[1],"tags":[],"class_list":["post-980","post","type-post","status-publish","format-standard","has-post-thumbnail","hentry","category-allgemein","entry","has-media"],"tpgb_featured_images":{"full":["https:\/\/vfl-schlangen.de\/turnen\/wp-content\/uploads\/sites\/4\/2023\/12\/DSC_0062-neu-scaled.jpg",2560,1715,false],"tp-image-grid":["https:\/\/vfl-schlangen.de\/turnen\/wp-content\/uploads\/sites\/4\/2023\/12\/DSC_0062-neu-700x700.jpg",700,700,true],"thumbnail":["https:\/\/vfl-schlangen.de\/turnen\/wp-content\/uploads\/sites\/4\/2023\/12\/DSC_0062-neu-150x150.jpg",150,150,true],"medium":["https:\/\/vfl-schlangen.de\/turnen\/wp-content\/uploads\/sites\/4\/2023\/12\/DSC_0062-neu-300x201.jpg",300,201,true],"medium_large":["https:\/\/vfl-schlangen.de\/turnen\/wp-content\/uploads\/sites\/4\/2023\/12\/DSC_0062-neu-768x514.jpg",768,514,true],"large":["https:\/\/vfl-schlangen.de\/turnen\/wp-content\/uploads\/sites\/4\/2023\/12\/DSC_0062-neu-1024x686.jpg",1024,686,true],"default":"https:\/\/vfl-schlangen.de\/turnen\/wp-content\/plugins\/the-plus-addons-for-block-editor\/assets\/images\/tpgb-placeholder.jpg"},"tpgb_post_meta_info":{"get_date":"1. Dezember 2023","get_modified_date":"1. Dezember 2023","category_list":{"category":[{"term_id":1,"name":"Allgemein","slug":"allgemein","term_group":0,"term_taxonomy_id":1,"taxonomy":"category","description":"","parent":0,"count":78,"filter":"raw"}],"post_tag":false,"post_format":false},"author_name":"nwilm","author_url":"https:\/\/vfl-schlangen.de\/turnen\/author\/nwilm\/","author_email":"nic@olesign.de","author_website":"","author_description":"","author_facebook":"","author_twitter":"","author_instagram":"","author_role":["editor"],"author_firstname":"Nicole","author_lastname":"Wilm","user_login":"nwilm","author_avatar":"<img alt='' src='https:\/\/secure.gravatar.com\/avatar\/da1c57be6c395e50dcbb3c90ed53a47e613646d338b3eefda4cfe216a65dc248?s=200&#038;d=mm&#038;r=g' srcset='https:\/\/secure.gravatar.com\/avatar\/da1c57be6c395e50dcbb3c90ed53a47e613646d338b3eefda4cfe216a65dc248?s=400&#038;d=mm&#038;r=g 2x' class='avatar avatar-200 photo' height='200' width='200' decoding='async'\/>","author_avatar_url":"https:\/\/secure.gravatar.com\/avatar\/da1c57be6c395e50dcbb3c90ed53a47e613646d338b3eefda4cfe216a65dc248?s=96&d=mm&r=g","comment_count":0,"post_likes":0,"post_views":0},"tpgb_post_category":{"category":"<a href=\"https:\/\/vfl-schlangen.de\/turnen\/category\/allgemein\/\" alt=\"Allgemein\"  class=\"category-allgemein\">Allgemein<\/a> "},"categories_names":["Allgemein"],"post_class":[["post-980","post","type-post","status-publish","format-standard","has-post-thumbnail","hentry","category-allgemein","entry","has-media"]],"author_avatar":["<img alt='' src='https:\/\/secure.gravatar.com\/avatar\/da1c57be6c395e50dcbb3c90ed53a47e613646d338b3eefda4cfe216a65dc248?s=96&#038;d=mm&#038;r=g' srcset='https:\/\/secure.gravatar.com\/avatar\/da1c57be6c395e50dcbb3c90ed53a47e613646d338b3eefda4cfe216a65dc248?s=192&#038;d=mm&#038;r=g 2x' class='avatar avatar-96 photo' height='96' width='96' decoding='async'\/>"],"featured_video":null,"_links":{"self":[{"href":"https:\/\/vfl-schlangen.de\/turnen\/wp-json\/wp\/v2\/posts\/980","targetHints":{"allow":["GET"]}}],"collection":[{"href":"https:\/\/vfl-schlangen.de\/turnen\/wp-json\/wp\/v2\/posts"}],"about":[{"href":"https:\/\/vfl-schlangen.de\/turnen\/wp-json\/wp\/v2\/types\/post"}],"author":[{"embeddable":true,"href":"https:\/\/vfl-schlangen.de\/turnen\/wp-json\/wp\/v2\/users\/18"}],"replies":[{"embeddable":true,"href":"https:\/\/vfl-schlangen.de\/turnen\/wp-json\/wp\/v2\/comments?post=980"}],"version-history":[{"count":2,"href":"https:\/\/vfl-schlangen.de\/turnen\/wp-json\/wp\/v2\/posts\/980\/revisions"}],"predecessor-version":[{"id":1000,"href":"https:\/\/vfl-schlangen.de\/turnen\/wp-json\/wp\/v2\/posts\/980\/revisions\/1000"}],"wp:featuredmedia":[{"embeddable":true,"href":"https:\/\/vfl-schlangen.de\/turnen\/wp-json\/wp\/v2\/media\/999"}],"wp:attachment":[{"href":"https:\/\/vfl-schlangen.de\/turnen\/wp-json\/wp\/v2\/media?parent=980"}],"wp:term":[{"taxonomy":"category","embeddable":true,"href":"https:\/\/vfl-schlangen.de\/turnen\/wp-json\/wp\/v2\/categories?post=980"},{"taxonomy":"post_tag","embeddable":true,"href":"https:\/\/vfl-schlangen.de\/turnen\/wp-json\/wp\/v2\/tags?post=980"}],"curies":[{"name":"wp","href":"https:\/\/api.w.org\/{rel}","templated":true}]}}