{"id":750,"date":"2023-02-27T11:41:46","date_gmt":"2023-02-27T10:41:46","guid":{"rendered":"https:\/\/vfl-schlangen.de\/handball\/?p=750"},"modified":"2023-02-27T11:41:56","modified_gmt":"2023-02-27T10:41:56","slug":"d-jugend-als-einlaufkinder-beim-tbv-lemgo","status":"publish","type":"post","link":"https:\/\/vfl-schlangen.de\/handball\/2023\/02\/27\/d-jugend-als-einlaufkinder-beim-tbv-lemgo\/","title":{"rendered":"D-Jugend als Einlaufkinder beim TBV Lemgo"},"content":{"rendered":"\n<p>Unsere D-Jugend hatte am vergangenen Wochenende einen besonderen Auftritt im Dress des VfL Schlangen in der ausverkauften Phoenix Contact Arena in Lemgo. Hier durften sie zum Spiel der Handballbundesligisten TBV Lemgo gegen den THW Kiel die Gastmannschaft aufs Spielfeld begleiten. Die mitgereisten Eltern und Geschwister feuerten unsere D-Jugend, die Hand in Hand mit Welthandballern und Nationalspielern aufliefen, kr\u00e4ftig an. Im Anschluss haben alle Schl\u00e4nger eine bis zur 50. Minute spannende Handballpartie gesehen. Mit vielen tollen Eindr\u00fccken ging es am Vorabend dann mit dem Bus zur\u00fcck zum B\u00fcrgerhaus.<\/p>\n","protected":false},"excerpt":{"rendered":"<p>Unsere D-Jugend hatte am vergangenen Wochenende einen besonderen Auftritt im Dress des VfL Schlangen in der ausverkauften Phoenix Contact Arena in Lemgo. Hier durften sie zum Spiel der Handballbundesligisten TBV Lemgo gegen den THW Kiel die Gastmannschaft aufs Spielfeld begleiten. Die mitgereisten Eltern und Geschwister feuerten unsere D-Jugend, die Hand in Hand mit Welthandballern und [&hellip;]<\/p>\n","protected":false},"author":1,"featured_media":751,"comment_status":"closed","ping_status":"open","sticky":false,"template":"","format":"standard","meta":{"tpgb_global_settings":"","ocean_post_layout":"","ocean_both_sidebars_style":"","ocean_both_sidebars_content_width":0,"ocean_both_sidebars_sidebars_width":0,"ocean_sidebar":"0","ocean_second_sidebar":"0","ocean_disable_margins":"enable","ocean_add_body_class":"","ocean_shortcode_before_top_bar":"","ocean_shortcode_after_top_bar":"","ocean_shortcode_before_header":"","ocean_shortcode_after_header":"","ocean_has_shortcode":"","ocean_shortcode_after_title":"","ocean_shortcode_before_footer_widgets":"","ocean_shortcode_after_footer_widgets":"","ocean_shortcode_before_footer_bottom":"","ocean_shortcode_after_footer_bottom":"","ocean_display_top_bar":"default","ocean_display_header":"default","ocean_header_style":"","ocean_center_header_left_menu":"0","ocean_custom_header_template":"0","ocean_custom_logo":0,"ocean_custom_retina_logo":0,"ocean_custom_logo_max_width":0,"ocean_custom_logo_tablet_max_width":0,"ocean_custom_logo_mobile_max_width":0,"ocean_custom_logo_max_height":0,"ocean_custom_logo_tablet_max_height":0,"ocean_custom_logo_mobile_max_height":0,"ocean_header_custom_menu":"0","ocean_menu_typo_font_family":"0","ocean_menu_typo_font_subset":"","ocean_menu_typo_font_size":0,"ocean_menu_typo_font_size_tablet":0,"ocean_menu_typo_font_size_mobile":0,"ocean_menu_typo_font_size_unit":"px","ocean_menu_typo_font_weight":"","ocean_menu_typo_font_weight_tablet":"","ocean_menu_typo_font_weight_mobile":"","ocean_menu_typo_transform":"","ocean_menu_typo_transform_tablet":"","ocean_menu_typo_transform_mobile":"","ocean_menu_typo_line_height":0,"ocean_menu_typo_line_height_tablet":0,"ocean_menu_typo_line_height_mobile":0,"ocean_menu_typo_line_height_unit":"","ocean_menu_typo_spacing":0,"ocean_menu_typo_spacing_tablet":0,"ocean_menu_typo_spacing_mobile":0,"ocean_menu_typo_spacing_unit":"","ocean_menu_link_color":"","ocean_menu_link_color_hover":"","ocean_menu_link_color_active":"","ocean_menu_link_background":"","ocean_menu_link_hover_background":"","ocean_menu_link_active_background":"","ocean_menu_social_links_bg":"","ocean_menu_social_hover_links_bg":"","ocean_menu_social_links_color":"","ocean_menu_social_hover_links_color":"","ocean_disable_title":"default","ocean_disable_heading":"default","ocean_post_title":"","ocean_post_subheading":"","ocean_post_title_style":"","ocean_post_title_background_color":"","ocean_post_title_background":0,"ocean_post_title_bg_image_position":"","ocean_post_title_bg_image_attachment":"","ocean_post_title_bg_image_repeat":"","ocean_post_title_bg_image_size":"","ocean_post_title_height":0,"ocean_post_title_bg_overlay":0.5,"ocean_post_title_bg_overlay_color":"","ocean_disable_breadcrumbs":"default","ocean_breadcrumbs_color":"","ocean_breadcrumbs_separator_color":"","ocean_breadcrumbs_links_color":"","ocean_breadcrumbs_links_hover_color":"","ocean_display_footer_widgets":"default","ocean_display_footer_bottom":"default","ocean_custom_footer_template":"0","osh_disable_topbar_sticky":"default","osh_disable_header_sticky":"default","osh_sticky_header_style":"default","osh_sticky_header_effect":"","osh_custom_sticky_logo":0,"osh_custom_retina_sticky_logo":0,"osh_custom_sticky_logo_height":0,"osh_background_color":"","osh_links_color":"","osh_links_hover_color":"","osh_links_active_color":"","osh_links_bg_color":"","osh_links_hover_bg_color":"","osh_links_active_bg_color":"","osh_menu_social_links_color":"","osh_menu_social_hover_links_color":"","osp_disable_panel":"default","ocean_post_oembed":"","ocean_post_self_hosted_media":"","ocean_post_video_embed":"","ocean_link_format":"","ocean_link_format_target":"self","ocean_quote_format":"","ocean_quote_format_link":"post","ocean_gallery_link_images":"off","ocean_gallery_id":[],"footnotes":""},"categories":[1],"tags":[],"class_list":["post-750","post","type-post","status-publish","format-standard","has-post-thumbnail","hentry","category-allgemein","entry","has-media"],"tpgb_featured_images":{"full":["https:\/\/vfl-schlangen.de\/handball\/wp-content\/uploads\/sites\/2\/2023\/02\/D-Jugend-beim-TBV-Lemgo.png",800,250,false],"tp-image-grid":["https:\/\/vfl-schlangen.de\/handball\/wp-content\/uploads\/sites\/2\/2023\/02\/D-Jugend-beim-TBV-Lemgo.png",700,219,false],"thumbnail":["https:\/\/vfl-schlangen.de\/handball\/wp-content\/uploads\/sites\/2\/2023\/02\/D-Jugend-beim-TBV-Lemgo-150x150.png",150,150,true],"medium":["https:\/\/vfl-schlangen.de\/handball\/wp-content\/uploads\/sites\/2\/2023\/02\/D-Jugend-beim-TBV-Lemgo-300x94.png",300,94,true],"medium_large":["https:\/\/vfl-schlangen.de\/handball\/wp-content\/uploads\/sites\/2\/2023\/02\/D-Jugend-beim-TBV-Lemgo-768x240.png",768,240,true],"large":["https:\/\/vfl-schlangen.de\/handball\/wp-content\/uploads\/sites\/2\/2023\/02\/D-Jugend-beim-TBV-Lemgo.png",800,250,false],"default":"https:\/\/vfl-schlangen.de\/handball\/wp-content\/plugins\/the-plus-addons-for-block-editor\/assets\/images\/tpgb-placeholder.jpg"},"tpgb_post_meta_info":{"get_date":"27. Februar 2023","get_modified_date":"27. Februar 2023","category_list":{"category":[{"term_id":1,"name":"Allgemein","slug":"allgemein","term_group":0,"term_taxonomy_id":1,"taxonomy":"category","description":"","parent":0,"count":113,"filter":"raw"}],"post_tag":false,"post_format":false},"author_name":"Carsten L\u00fcning","author_url":"https:\/\/vfl-schlangen.de\/handball\/author\/cluening\/","author_email":"carsten.luening@gmail.com","author_website":"http:\/\/templatetest.vfl-schlangen.de","author_description":"","author_facebook":"","author_twitter":"","author_instagram":"","author_role":["administrator"],"author_firstname":"Carsten","author_lastname":"L\u00fcning","user_login":"cluening","author_avatar":"<img alt='' src='https:\/\/secure.gravatar.com\/avatar\/9cfdb1db3574a110f14635dfc98d8bbf6d773c2bd9bf2a125f7e0b87ae5c330c?s=200&#038;d=mm&#038;r=g' srcset='https:\/\/secure.gravatar.com\/avatar\/9cfdb1db3574a110f14635dfc98d8bbf6d773c2bd9bf2a125f7e0b87ae5c330c?s=400&#038;d=mm&#038;r=g 2x' class='avatar avatar-200 photo' height='200' width='200' decoding='async'\/>","author_avatar_url":"https:\/\/secure.gravatar.com\/avatar\/9cfdb1db3574a110f14635dfc98d8bbf6d773c2bd9bf2a125f7e0b87ae5c330c?s=96&d=mm&r=g","comment_count":0,"post_likes":0,"post_views":0},"tpgb_post_category":{"category":"<a href=\"https:\/\/vfl-schlangen.de\/handball\/category\/allgemein\/\" alt=\"Allgemein\"  class=\"category-allgemein\">Allgemein<\/a> "},"categories_names":["Allgemein"],"post_class":[["post-750","post","type-post","status-publish","format-standard","has-post-thumbnail","hentry","category-allgemein","entry","has-media"]],"author_avatar":["<img alt='' src='https:\/\/secure.gravatar.com\/avatar\/9cfdb1db3574a110f14635dfc98d8bbf6d773c2bd9bf2a125f7e0b87ae5c330c?s=96&#038;d=mm&#038;r=g' srcset='https:\/\/secure.gravatar.com\/avatar\/9cfdb1db3574a110f14635dfc98d8bbf6d773c2bd9bf2a125f7e0b87ae5c330c?s=192&#038;d=mm&#038;r=g 2x' class='avatar avatar-96 photo' height='96' width='96' decoding='async'\/>"],"featured_video":null,"_links":{"self":[{"href":"https:\/\/vfl-schlangen.de\/handball\/wp-json\/wp\/v2\/posts\/750","targetHints":{"allow":["GET"]}}],"collection":[{"href":"https:\/\/vfl-schlangen.de\/handball\/wp-json\/wp\/v2\/posts"}],"about":[{"href":"https:\/\/vfl-schlangen.de\/handball\/wp-json\/wp\/v2\/types\/post"}],"author":[{"embeddable":true,"href":"https:\/\/vfl-schlangen.de\/handball\/wp-json\/wp\/v2\/users\/1"}],"replies":[{"embeddable":true,"href":"https:\/\/vfl-schlangen.de\/handball\/wp-json\/wp\/v2\/comments?post=750"}],"version-history":[{"count":1,"href":"https:\/\/vfl-schlangen.de\/handball\/wp-json\/wp\/v2\/posts\/750\/revisions"}],"predecessor-version":[{"id":752,"href":"https:\/\/vfl-schlangen.de\/handball\/wp-json\/wp\/v2\/posts\/750\/revisions\/752"}],"wp:featuredmedia":[{"embeddable":true,"href":"https:\/\/vfl-schlangen.de\/handball\/wp-json\/wp\/v2\/media\/751"}],"wp:attachment":[{"href":"https:\/\/vfl-schlangen.de\/handball\/wp-json\/wp\/v2\/media?parent=750"}],"wp:term":[{"taxonomy":"category","embeddable":true,"href":"https:\/\/vfl-schlangen.de\/handball\/wp-json\/wp\/v2\/categories?post=750"},{"taxonomy":"post_tag","embeddable":true,"href":"https:\/\/vfl-schlangen.de\/handball\/wp-json\/wp\/v2\/tags?post=750"}],"curies":[{"name":"wp","href":"https:\/\/api.w.org\/{rel}","templated":true}]}}