{"id":1946,"date":"2025-09-01T21:45:17","date_gmt":"2025-09-01T19:45:17","guid":{"rendered":"https:\/\/vfl-schlangen.de\/handball\/?p=1946"},"modified":"2025-09-01T21:45:17","modified_gmt":"2025-09-01T19:45:17","slug":"alles-neu-in-der-2-herren","status":"publish","type":"post","link":"https:\/\/vfl-schlangen.de\/handball\/2025\/09\/01\/alles-neu-in-der-2-herren\/","title":{"rendered":"Alles neu in der 2. Herren"},"content":{"rendered":"\n<p>In diese Saison startet die 2. Herren mit einen Umbruch. Teile der A-Jugend sind fester Bestandteil des Kaders und sollen \u00fcber gro\u00dfe Spielanteile an die k\u00f6rperliche H\u00e4rte des Seniorenhandballs gew\u00f6hnt werden. Erg\u00e4nzt wird die Truppe von erfahrenen Spielern, die noch vor der Handballrente stehen. Trainiert wird die Truppe unter Hauptleitung von Michael Tegeler von einem Trainerteam, dass aus insgesamt 6 Personen besteht. Ziel ist es wieder einen Unterbau f\u00fcr die erste Herren zu schaffen. Auch sollen die A-Jugend und die Herrenmannschaften n\u00e4her zusammenr\u00fccken und sich kurzfristig bei Personalmangel gegenseitig unterst\u00fctzen k\u00f6nnen.<\/p>\n\n\n\n<p>Positiv zu bewerten ist, dass seit diesem Entschluss, wieder regelm\u00e4\u00dfiges Training der 2. Herren stattfindet. In den letzten 2-3 Jahren haben wir quasi nur den Spielbetrieb wahrgenommen.<br>Aufgefallen ist jedoch direkt, dass Grundlagen-, Laufwege-, Timing- und auch Abwehrtraining notwendig wird.<\/p>\n\n\n\n<p>Allen Beteiligten ist klar, dass sich die aufgezeigten Problemlagen nicht innerhalb von 4 Wochen l\u00f6sen lassen. Wir befinden uns nun im Prozess und brauchen die Spiele um die Trainingsinhalte unter Wettbewerbsbedingungen zu testen und uns weiterzuentwickeln. So auch im ersten Ligaspiel der Serie 25\/26. Gegen die G\u00e4ste aus Paderborn hatten wir zun\u00e4chst einen schwachen Start, haben uns dann kurzzeitig gefangen und sind sogar in F\u00fchrung gegangen &#8211; leider zeigten sich dann immer wieder kleinere Abstimmungsfehler die, von der eingespielten Paderborner Truppe, konsequent zu Torerfolgen umgewandelt wurden.<\/p>\n\n\n\n<p>Frei nach dem Motto \u201eSt\u00e4rken st\u00e4rken, Schw\u00e4chen schw\u00e4chen\u201c werden wir auch aus R\u00fcckschl\u00e4gen und Niederlagen die positiven Aspekte rausfiltern und uns von Woche zu Woche steigern.<\/p>\n\n\n\n<p>Wir hoffen auf eure Unterst\u00fctzung von der Trib\u00fcne und freuen uns auf das neue Abenteuer!<\/p>\n\n\n\n<p>Eure 2. Herren<\/p>\n\n\n\n<p><\/p>\n","protected":false},"excerpt":{"rendered":"<p>In diese Saison startet die 2. Herren mit einen Umbruch. Teile der A-Jugend sind fester Bestandteil des Kaders und sollen \u00fcber gro\u00dfe Spielanteile an die k\u00f6rperliche H\u00e4rte des Seniorenhandballs gew\u00f6hnt werden. Erg\u00e4nzt wird die Truppe von erfahrenen Spielern, die noch vor der Handballrente stehen. Trainiert wird die Truppe unter Hauptleitung von Michael Tegeler von einem [&hellip;]<\/p>\n","protected":false},"author":1,"featured_media":1793,"comment_status":"closed","ping_status":"open","sticky":false,"template":"","format":"standard","meta":{"tpgb_global_settings":"","ocean_post_layout":"","ocean_both_sidebars_style":"","ocean_both_sidebars_content_width":0,"ocean_both_sidebars_sidebars_width":0,"ocean_sidebar":"","ocean_second_sidebar":"","ocean_disable_margins":"enable","ocean_add_body_class":"","ocean_shortcode_before_top_bar":"","ocean_shortcode_after_top_bar":"","ocean_shortcode_before_header":"","ocean_shortcode_after_header":"","ocean_has_shortcode":"","ocean_shortcode_after_title":"","ocean_shortcode_before_footer_widgets":"","ocean_shortcode_after_footer_widgets":"","ocean_shortcode_before_footer_bottom":"","ocean_shortcode_after_footer_bottom":"","ocean_display_top_bar":"default","ocean_display_header":"default","ocean_header_style":"","ocean_center_header_left_menu":"","ocean_custom_header_template":"","ocean_custom_logo":0,"ocean_custom_retina_logo":0,"ocean_custom_logo_max_width":0,"ocean_custom_logo_tablet_max_width":0,"ocean_custom_logo_mobile_max_width":0,"ocean_custom_logo_max_height":0,"ocean_custom_logo_tablet_max_height":0,"ocean_custom_logo_mobile_max_height":0,"ocean_header_custom_menu":"","ocean_menu_typo_font_family":"","ocean_menu_typo_font_subset":"","ocean_menu_typo_font_size":0,"ocean_menu_typo_font_size_tablet":0,"ocean_menu_typo_font_size_mobile":0,"ocean_menu_typo_font_size_unit":"px","ocean_menu_typo_font_weight":"","ocean_menu_typo_font_weight_tablet":"","ocean_menu_typo_font_weight_mobile":"","ocean_menu_typo_transform":"","ocean_menu_typo_transform_tablet":"","ocean_menu_typo_transform_mobile":"","ocean_menu_typo_line_height":0,"ocean_menu_typo_line_height_tablet":0,"ocean_menu_typo_line_height_mobile":0,"ocean_menu_typo_line_height_unit":"","ocean_menu_typo_spacing":0,"ocean_menu_typo_spacing_tablet":0,"ocean_menu_typo_spacing_mobile":0,"ocean_menu_typo_spacing_unit":"","ocean_menu_link_color":"","ocean_menu_link_color_hover":"","ocean_menu_link_color_active":"","ocean_menu_link_background":"","ocean_menu_link_hover_background":"","ocean_menu_link_active_background":"","ocean_menu_social_links_bg":"","ocean_menu_social_hover_links_bg":"","ocean_menu_social_links_color":"","ocean_menu_social_hover_links_color":"","ocean_disable_title":"default","ocean_disable_heading":"default","ocean_post_title":"","ocean_post_subheading":"","ocean_post_title_style":"","ocean_post_title_background_color":"","ocean_post_title_background":0,"ocean_post_title_bg_image_position":"","ocean_post_title_bg_image_attachment":"","ocean_post_title_bg_image_repeat":"","ocean_post_title_bg_image_size":"","ocean_post_title_height":0,"ocean_post_title_bg_overlay":0.5,"ocean_post_title_bg_overlay_color":"","ocean_disable_breadcrumbs":"default","ocean_breadcrumbs_color":"","ocean_breadcrumbs_separator_color":"","ocean_breadcrumbs_links_color":"","ocean_breadcrumbs_links_hover_color":"","ocean_display_footer_widgets":"default","ocean_display_footer_bottom":"default","ocean_custom_footer_template":"","osh_disable_topbar_sticky":"default","osh_disable_header_sticky":"default","osh_sticky_header_style":"default","osh_sticky_header_effect":"","osh_custom_sticky_logo":0,"osh_custom_retina_sticky_logo":0,"osh_custom_sticky_logo_height":0,"osh_background_color":"","osh_links_color":"","osh_links_hover_color":"","osh_links_active_color":"","osh_links_bg_color":"","osh_links_hover_bg_color":"","osh_links_active_bg_color":"","osh_menu_social_links_color":"","osh_menu_social_hover_links_color":"","osp_disable_panel":"default","ocean_post_oembed":"","ocean_post_self_hosted_media":"","ocean_post_video_embed":"","ocean_link_format":"","ocean_link_format_target":"self","ocean_quote_format":"","ocean_quote_format_link":"post","ocean_gallery_link_images":"on","ocean_gallery_id":[],"footnotes":""},"categories":[1,26],"tags":[],"class_list":["post-1946","post","type-post","status-publish","format-standard","has-post-thumbnail","hentry","category-allgemein","category-spielberichte","entry","has-media"],"tpgb_featured_images":{"full":["https:\/\/vfl-schlangen.de\/handball\/wp-content\/uploads\/sites\/2\/2025\/03\/HeaderHerren2-01.png",800,250,false],"tp-image-grid":["https:\/\/vfl-schlangen.de\/handball\/wp-content\/uploads\/sites\/2\/2025\/03\/HeaderHerren2-01-700x700.png",700,700,true],"thumbnail":["https:\/\/vfl-schlangen.de\/handball\/wp-content\/uploads\/sites\/2\/2025\/03\/HeaderHerren2-01-150x150.png",150,150,true],"medium":["https:\/\/vfl-schlangen.de\/handball\/wp-content\/uploads\/sites\/2\/2025\/03\/HeaderHerren2-01-300x94.png",300,94,true],"medium_large":["https:\/\/vfl-schlangen.de\/handball\/wp-content\/uploads\/sites\/2\/2025\/03\/HeaderHerren2-01-768x240.png",768,240,true],"large":["https:\/\/vfl-schlangen.de\/handball\/wp-content\/uploads\/sites\/2\/2025\/03\/HeaderHerren2-01.png",800,250,false],"default":"https:\/\/vfl-schlangen.de\/handball\/wp-content\/plugins\/the-plus-addons-for-block-editor\/assets\/images\/tpgb-placeholder.jpg"},"tpgb_post_meta_info":{"get_date":"1. September 2025","get_modified_date":"1. September 2025","category_list":{"category":[{"term_id":1,"name":"Allgemein","slug":"allgemein","term_group":0,"term_taxonomy_id":1,"taxonomy":"category","description":"","parent":0,"count":113,"filter":"raw"},{"term_id":26,"name":"Spielberichte","slug":"spielberichte","term_group":0,"term_taxonomy_id":26,"taxonomy":"category","description":"","parent":0,"count":197,"filter":"raw"}],"post_tag":false,"post_format":false},"author_name":"Carsten L\u00fcning","author_url":"https:\/\/vfl-schlangen.de\/handball\/author\/cluening\/","author_email":"carsten.luening@gmail.com","author_website":"http:\/\/templatetest.vfl-schlangen.de","author_description":"","author_facebook":"","author_twitter":"","author_instagram":"","author_role":["administrator"],"author_firstname":"Carsten","author_lastname":"L\u00fcning","user_login":"cluening","author_avatar":"<img alt='' src='https:\/\/secure.gravatar.com\/avatar\/9cfdb1db3574a110f14635dfc98d8bbf6d773c2bd9bf2a125f7e0b87ae5c330c?s=200&#038;d=mm&#038;r=g' srcset='https:\/\/secure.gravatar.com\/avatar\/9cfdb1db3574a110f14635dfc98d8bbf6d773c2bd9bf2a125f7e0b87ae5c330c?s=400&#038;d=mm&#038;r=g 2x' class='avatar avatar-200 photo' height='200' width='200' decoding='async'\/>","author_avatar_url":"https:\/\/secure.gravatar.com\/avatar\/9cfdb1db3574a110f14635dfc98d8bbf6d773c2bd9bf2a125f7e0b87ae5c330c?s=96&d=mm&r=g","comment_count":0,"post_likes":0,"post_views":0},"tpgb_post_category":{"category":"<a href=\"https:\/\/vfl-schlangen.de\/handball\/category\/allgemein\/\" alt=\"Allgemein\"  class=\"category-allgemein\">Allgemein<\/a> <a href=\"https:\/\/vfl-schlangen.de\/handball\/category\/spielberichte\/\" alt=\"Spielberichte\"  class=\"category-spielberichte\">Spielberichte<\/a> "},"categories_names":["Allgemein","Spielberichte"],"post_class":[["post-1946","post","type-post","status-publish","format-standard","has-post-thumbnail","hentry","category-allgemein","category-spielberichte","entry","has-media"]],"author_avatar":["<img alt='' src='https:\/\/secure.gravatar.com\/avatar\/9cfdb1db3574a110f14635dfc98d8bbf6d773c2bd9bf2a125f7e0b87ae5c330c?s=96&#038;d=mm&#038;r=g' srcset='https:\/\/secure.gravatar.com\/avatar\/9cfdb1db3574a110f14635dfc98d8bbf6d773c2bd9bf2a125f7e0b87ae5c330c?s=192&#038;d=mm&#038;r=g 2x' class='avatar avatar-96 photo' height='96' width='96' decoding='async'\/>"],"featured_video":null,"_links":{"self":[{"href":"https:\/\/vfl-schlangen.de\/handball\/wp-json\/wp\/v2\/posts\/1946","targetHints":{"allow":["GET"]}}],"collection":[{"href":"https:\/\/vfl-schlangen.de\/handball\/wp-json\/wp\/v2\/posts"}],"about":[{"href":"https:\/\/vfl-schlangen.de\/handball\/wp-json\/wp\/v2\/types\/post"}],"author":[{"embeddable":true,"href":"https:\/\/vfl-schlangen.de\/handball\/wp-json\/wp\/v2\/users\/1"}],"replies":[{"embeddable":true,"href":"https:\/\/vfl-schlangen.de\/handball\/wp-json\/wp\/v2\/comments?post=1946"}],"version-history":[{"count":2,"href":"https:\/\/vfl-schlangen.de\/handball\/wp-json\/wp\/v2\/posts\/1946\/revisions"}],"predecessor-version":[{"id":1948,"href":"https:\/\/vfl-schlangen.de\/handball\/wp-json\/wp\/v2\/posts\/1946\/revisions\/1948"}],"wp:featuredmedia":[{"embeddable":true,"href":"https:\/\/vfl-schlangen.de\/handball\/wp-json\/wp\/v2\/media\/1793"}],"wp:attachment":[{"href":"https:\/\/vfl-schlangen.de\/handball\/wp-json\/wp\/v2\/media?parent=1946"}],"wp:term":[{"taxonomy":"category","embeddable":true,"href":"https:\/\/vfl-schlangen.de\/handball\/wp-json\/wp\/v2\/categories?post=1946"},{"taxonomy":"post_tag","embeddable":true,"href":"https:\/\/vfl-schlangen.de\/handball\/wp-json\/wp\/v2\/tags?post=1946"}],"curies":[{"name":"wp","href":"https:\/\/api.w.org\/{rel}","templated":true}]}}