{"id":1586,"date":"2024-08-25T13:38:46","date_gmt":"2024-08-25T11:38:46","guid":{"rendered":"https:\/\/vfl-schlangen.de\/handball\/?p=1586"},"modified":"2024-08-25T13:38:46","modified_gmt":"2024-08-25T11:38:46","slug":"saisonstart-2024-2025","status":"publish","type":"post","link":"https:\/\/vfl-schlangen.de\/handball\/2024\/08\/25\/saisonstart-2024-2025\/","title":{"rendered":"Saisonstart 2024\/2025"},"content":{"rendered":"\n<p>Die neue Handballsaison steht in den Startl\u00f6chern. Bereits am heutigen Sonntag starten unsere Herrenmannschaften im Handballkreispokal. Die erste Herren tritt ausw\u00e4rts gegen die Mannschaft des TuS Brake\/Lippe an. Unsere zweite Herren startet in der 1. Runde zu Hause gegen den TSV B\u00f6singfeld 2 &#8211; Anwurf ist um 16 Uhr. Beide Damenmannschaften haben Freilose f\u00fcr die erste Pokalrunde zugelost bekommen &#8211; aber das ist noch lange kein Grund f\u00fcr einen Sonntag auf dem Sofa \ud83d\ude09 F\u00fcr die M\u00e4dels der 1. Damen steht ein Testspiel gegen die Damen der SG HB Detmold auf dem Programm.<\/p>\n\n\n\n<p>Allen Mannschaften w\u00fcnschen wir f\u00fcr die Serie 2024\/2025 viel Erfolg! Vorallem aber sch\u00f6ne Spiele und die M\u00f6glichkeit besondere Momente zu erleben. Das Ganze nat\u00fcrlich verletzungsfrei!<\/p>\n\n\n\n<p>Passend zum Saisonstart gibt es auch wieder unser Spielplanheft f\u00fcr die Serie 24\/25. Ihr findet dies ab der kommenden Woche in den Schl\u00e4nger Gesch\u00e4ften oder aber nat\u00fcrlich ab heute in der Rennekamphalle. Ein gro\u00dfes Dankesch\u00f6n an dieser Stelle an alle Unternehmen die uns dabei unterst\u00fctzt haben! <\/p>\n\n\n\n<p>Wir freuen uns Euch als Fans in der Rennekamphalle oder auch bei unseren Ausw\u00e4rtsspielen begr\u00fc\u00dfen zu d\u00fcrfen! Feuert unsere Mannschaften kr\u00e4ftig an.<\/p>\n\n\n\n<p><\/p>\n","protected":false},"excerpt":{"rendered":"<p>Die neue Handballsaison steht in den Startl\u00f6chern. Bereits am heutigen Sonntag starten unsere Herrenmannschaften im Handballkreispokal. Die erste Herren tritt ausw\u00e4rts gegen die Mannschaft des TuS Brake\/Lippe an. Unsere zweite Herren startet in der 1. Runde zu Hause gegen den TSV B\u00f6singfeld 2 &#8211; Anwurf ist um 16 Uhr. Beide Damenmannschaften haben Freilose f\u00fcr die [&hellip;]<\/p>\n","protected":false},"author":1,"featured_media":1587,"comment_status":"closed","ping_status":"open","sticky":false,"template":"","format":"standard","meta":{"tpgb_global_settings":"","ocean_post_layout":"","ocean_both_sidebars_style":"","ocean_both_sidebars_content_width":0,"ocean_both_sidebars_sidebars_width":0,"ocean_sidebar":"","ocean_second_sidebar":"","ocean_disable_margins":"enable","ocean_add_body_class":"","ocean_shortcode_before_top_bar":"","ocean_shortcode_after_top_bar":"","ocean_shortcode_before_header":"","ocean_shortcode_after_header":"","ocean_has_shortcode":"","ocean_shortcode_after_title":"","ocean_shortcode_before_footer_widgets":"","ocean_shortcode_after_footer_widgets":"","ocean_shortcode_before_footer_bottom":"","ocean_shortcode_after_footer_bottom":"","ocean_display_top_bar":"default","ocean_display_header":"default","ocean_header_style":"","ocean_center_header_left_menu":"","ocean_custom_header_template":"","ocean_custom_logo":0,"ocean_custom_retina_logo":0,"ocean_custom_logo_max_width":0,"ocean_custom_logo_tablet_max_width":0,"ocean_custom_logo_mobile_max_width":0,"ocean_custom_logo_max_height":0,"ocean_custom_logo_tablet_max_height":0,"ocean_custom_logo_mobile_max_height":0,"ocean_header_custom_menu":"","ocean_menu_typo_font_family":"","ocean_menu_typo_font_subset":"","ocean_menu_typo_font_size":0,"ocean_menu_typo_font_size_tablet":0,"ocean_menu_typo_font_size_mobile":0,"ocean_menu_typo_font_size_unit":"px","ocean_menu_typo_font_weight":"","ocean_menu_typo_font_weight_tablet":"","ocean_menu_typo_font_weight_mobile":"","ocean_menu_typo_transform":"","ocean_menu_typo_transform_tablet":"","ocean_menu_typo_transform_mobile":"","ocean_menu_typo_line_height":0,"ocean_menu_typo_line_height_tablet":0,"ocean_menu_typo_line_height_mobile":0,"ocean_menu_typo_line_height_unit":"","ocean_menu_typo_spacing":0,"ocean_menu_typo_spacing_tablet":0,"ocean_menu_typo_spacing_mobile":0,"ocean_menu_typo_spacing_unit":"","ocean_menu_link_color":"","ocean_menu_link_color_hover":"","ocean_menu_link_color_active":"","ocean_menu_link_background":"","ocean_menu_link_hover_background":"","ocean_menu_link_active_background":"","ocean_menu_social_links_bg":"","ocean_menu_social_hover_links_bg":"","ocean_menu_social_links_color":"","ocean_menu_social_hover_links_color":"","ocean_disable_title":"default","ocean_disable_heading":"default","ocean_post_title":"","ocean_post_subheading":"","ocean_post_title_style":"","ocean_post_title_background_color":"","ocean_post_title_background":0,"ocean_post_title_bg_image_position":"","ocean_post_title_bg_image_attachment":"","ocean_post_title_bg_image_repeat":"","ocean_post_title_bg_image_size":"","ocean_post_title_height":0,"ocean_post_title_bg_overlay":0.5,"ocean_post_title_bg_overlay_color":"","ocean_disable_breadcrumbs":"default","ocean_breadcrumbs_color":"","ocean_breadcrumbs_separator_color":"","ocean_breadcrumbs_links_color":"","ocean_breadcrumbs_links_hover_color":"","ocean_display_footer_widgets":"default","ocean_display_footer_bottom":"default","ocean_custom_footer_template":"","osh_disable_topbar_sticky":"default","osh_disable_header_sticky":"default","osh_sticky_header_style":"default","osh_sticky_header_effect":"","osh_custom_sticky_logo":0,"osh_custom_retina_sticky_logo":0,"osh_custom_sticky_logo_height":0,"osh_background_color":"","osh_links_color":"","osh_links_hover_color":"","osh_links_active_color":"","osh_links_bg_color":"","osh_links_hover_bg_color":"","osh_links_active_bg_color":"","osh_menu_social_links_color":"","osh_menu_social_hover_links_color":"","osp_disable_panel":"default","ocean_post_oembed":"","ocean_post_self_hosted_media":"","ocean_post_video_embed":"","ocean_link_format":"","ocean_link_format_target":"self","ocean_quote_format":"","ocean_quote_format_link":"post","ocean_gallery_link_images":"on","ocean_gallery_id":[],"footnotes":""},"categories":[1],"tags":[],"class_list":["post-1586","post","type-post","status-publish","format-standard","has-post-thumbnail","hentry","category-allgemein","entry","has-media"],"tpgb_featured_images":{"full":["https:\/\/vfl-schlangen.de\/handball\/wp-content\/uploads\/sites\/2\/2024\/08\/Headerbilder.png",800,250,false],"tp-image-grid":["https:\/\/vfl-schlangen.de\/handball\/wp-content\/uploads\/sites\/2\/2024\/08\/Headerbilder-700x700.png",700,700,true],"thumbnail":["https:\/\/vfl-schlangen.de\/handball\/wp-content\/uploads\/sites\/2\/2024\/08\/Headerbilder-150x150.png",150,150,true],"medium":["https:\/\/vfl-schlangen.de\/handball\/wp-content\/uploads\/sites\/2\/2024\/08\/Headerbilder-300x94.png",300,94,true],"medium_large":["https:\/\/vfl-schlangen.de\/handball\/wp-content\/uploads\/sites\/2\/2024\/08\/Headerbilder-768x240.png",768,240,true],"large":["https:\/\/vfl-schlangen.de\/handball\/wp-content\/uploads\/sites\/2\/2024\/08\/Headerbilder.png",800,250,false],"default":"https:\/\/vfl-schlangen.de\/handball\/wp-content\/plugins\/the-plus-addons-for-block-editor\/assets\/images\/tpgb-placeholder.jpg"},"tpgb_post_meta_info":{"get_date":"25. August 2024","get_modified_date":"25. August 2024","category_list":{"category":[{"term_id":1,"name":"Allgemein","slug":"allgemein","term_group":0,"term_taxonomy_id":1,"taxonomy":"category","description":"","parent":0,"count":113,"filter":"raw"}],"post_tag":false,"post_format":false},"author_name":"Carsten L\u00fcning","author_url":"https:\/\/vfl-schlangen.de\/handball\/author\/cluening\/","author_email":"carsten.luening@gmail.com","author_website":"http:\/\/templatetest.vfl-schlangen.de","author_description":"","author_facebook":"","author_twitter":"","author_instagram":"","author_role":["administrator"],"author_firstname":"Carsten","author_lastname":"L\u00fcning","user_login":"cluening","author_avatar":"<img alt='' src='https:\/\/secure.gravatar.com\/avatar\/9cfdb1db3574a110f14635dfc98d8bbf6d773c2bd9bf2a125f7e0b87ae5c330c?s=200&#038;d=mm&#038;r=g' srcset='https:\/\/secure.gravatar.com\/avatar\/9cfdb1db3574a110f14635dfc98d8bbf6d773c2bd9bf2a125f7e0b87ae5c330c?s=400&#038;d=mm&#038;r=g 2x' class='avatar avatar-200 photo' height='200' width='200' decoding='async'\/>","author_avatar_url":"https:\/\/secure.gravatar.com\/avatar\/9cfdb1db3574a110f14635dfc98d8bbf6d773c2bd9bf2a125f7e0b87ae5c330c?s=96&d=mm&r=g","comment_count":0,"post_likes":0,"post_views":0},"tpgb_post_category":{"category":"<a href=\"https:\/\/vfl-schlangen.de\/handball\/category\/allgemein\/\" alt=\"Allgemein\"  class=\"category-allgemein\">Allgemein<\/a> "},"categories_names":["Allgemein"],"post_class":[["post-1586","post","type-post","status-publish","format-standard","has-post-thumbnail","hentry","category-allgemein","entry","has-media"]],"author_avatar":["<img alt='' src='https:\/\/secure.gravatar.com\/avatar\/9cfdb1db3574a110f14635dfc98d8bbf6d773c2bd9bf2a125f7e0b87ae5c330c?s=96&#038;d=mm&#038;r=g' srcset='https:\/\/secure.gravatar.com\/avatar\/9cfdb1db3574a110f14635dfc98d8bbf6d773c2bd9bf2a125f7e0b87ae5c330c?s=192&#038;d=mm&#038;r=g 2x' class='avatar avatar-96 photo' height='96' width='96' decoding='async'\/>"],"featured_video":null,"_links":{"self":[{"href":"https:\/\/vfl-schlangen.de\/handball\/wp-json\/wp\/v2\/posts\/1586","targetHints":{"allow":["GET"]}}],"collection":[{"href":"https:\/\/vfl-schlangen.de\/handball\/wp-json\/wp\/v2\/posts"}],"about":[{"href":"https:\/\/vfl-schlangen.de\/handball\/wp-json\/wp\/v2\/types\/post"}],"author":[{"embeddable":true,"href":"https:\/\/vfl-schlangen.de\/handball\/wp-json\/wp\/v2\/users\/1"}],"replies":[{"embeddable":true,"href":"https:\/\/vfl-schlangen.de\/handball\/wp-json\/wp\/v2\/comments?post=1586"}],"version-history":[{"count":1,"href":"https:\/\/vfl-schlangen.de\/handball\/wp-json\/wp\/v2\/posts\/1586\/revisions"}],"predecessor-version":[{"id":1588,"href":"https:\/\/vfl-schlangen.de\/handball\/wp-json\/wp\/v2\/posts\/1586\/revisions\/1588"}],"wp:featuredmedia":[{"embeddable":true,"href":"https:\/\/vfl-schlangen.de\/handball\/wp-json\/wp\/v2\/media\/1587"}],"wp:attachment":[{"href":"https:\/\/vfl-schlangen.de\/handball\/wp-json\/wp\/v2\/media?parent=1586"}],"wp:term":[{"taxonomy":"category","embeddable":true,"href":"https:\/\/vfl-schlangen.de\/handball\/wp-json\/wp\/v2\/categories?post=1586"},{"taxonomy":"post_tag","embeddable":true,"href":"https:\/\/vfl-schlangen.de\/handball\/wp-json\/wp\/v2\/tags?post=1586"}],"curies":[{"name":"wp","href":"https:\/\/api.w.org\/{rel}","templated":true}]}}